{"id":9749,"date":"2022-12-16T10:29:05","date_gmt":"2022-12-16T09:29:05","guid":{"rendered":"https:\/\/www.portail-esclavage-reunion.fr\/?p=9749"},"modified":"2023-05-11T08:27:49","modified_gmt":"2023-05-11T06:27:49","slug":"edmond-exhibition-at-the-villele-museumas-from-19th-december-2022","status":"publish","type":"post","link":"https:\/\/www.portail-esclavage-reunion.fr\/en\/edmond-exhibition-at-the-villele-museumas-from-19th-december-2022\/","title":{"rendered":"\u2019EDMOND\u2026\u2019 <br\/>Exhibition at the Vill\u00e8le Museum<br\/>as from 19th December 2022"},"content":{"rendered":"<h2>Designed by the Reunion Departmental Archives and the Vill\u00e8le historical museum, the exhibition presents one of Reunion\u2019s most illustrious historical figures: Edmond Albius, contributing hitherto unknown elements of his life.<\/h2>\n<p>&nbsp;<\/p>\n<a href=\"https:\/\/www.portail-esclavage-reunion.fr\/wp-content\/uploads\/2022\/12\/affiche-expo-albius_b.jpg\" target=\"_blank\" rel=\"noopener\"><img loading=\"lazy\" decoding=\"async\" class=\"alignright wp-image-10193 size-full\" src=\"https:\/\/www.portail-esclavage-reunion.fr\/wp-content\/uploads\/2022\/12\/affiche-expo-albius_b.jpg\" alt=\"\" width=\"350\" height=\"700\" srcset=\"https:\/\/www.portail-esclavage-reunion.fr\/wp-content\/uploads\/2022\/12\/affiche-expo-albius_b.jpg 350w, https:\/\/www.portail-esclavage-reunion.fr\/wp-content\/uploads\/2022\/12\/affiche-expo-albius_b-150x300.jpg 150w\" sizes=\"auto, (max-width: 350px) 100vw, 350px\" \/><\/a>\n<p>&nbsp;<\/p>\n<p>&nbsp;<\/p>\n<p>&nbsp;<\/p>\n<p>Edmond was a slave belonging to Pierre Ferr\u00e9ol Edme Bellier de Beaumont, who initiated him into horticulture and botany. In 1841, at the age of 12, Edmond discovered the process of artificially pollinating the vanilla flower, thus contributing to the development of an economic activity that was to be behind the renown of the island, in the same way as coffee.<\/p>\n<p>We have very few documents about his life. Most of our information about him comes from the correspondence of M\u00e9zi\u00e8res-Lepervanche and F\u00e9r\u00e9ol Bellier, as well as documents from the archives.<\/p>\n<p>The exhibition can be visited in the gardens of the Vill\u00e8le museum as from 19th December 2022 and accessed online, in its English, Portuguese and Reunion Creole translations.<\/p>\n<p>&nbsp;<\/p>\n<p><span style=\"color: #855959;\"><a style=\"color: #855959;\" href=\"https:\/\/fr.calameo.com\/read\/005220933faa8df4cc599?authid=o0lFzD9ARsoh\" target=\"_blank\" rel=\"noopener\"><strong>Visit the exhibition<\/strong><\/a><\/span><\/p>\n","protected":false},"excerpt":{"rendered":"<p>Designed by the Reunion Departmental Archives and the Vill\u00e8le historical museum, the exhibition presents one of Reunion\u2019s most illustrious historical figures: Edmond Albius, contributing hitherto unknown elements of his life. &nbsp; &nbsp; &nbsp; &nbsp; Edmond was a slave belonging to Pierre Ferr\u00e9ol Edme Bellier de Beaumont, who initiated him into horticulture and botany. In 1841, &hellip; <\/p>\n<p class=\"link-more\"><a href=\"https:\/\/www.portail-esclavage-reunion.fr\/en\/edmond-exhibition-at-the-villele-museumas-from-19th-december-2022\/\" class=\"more-link\">Continue reading<span class=\"screen-reader-text\"> &#8220;\u2019EDMOND\u2026\u2019 <br \/>Exhibition at the Vill\u00e8le Museum<br \/>as from 19th December 2022&#8243;<\/span><\/a><\/p>\n","protected":false},"author":5,"featured_media":10179,"comment_status":"open","ping_status":"open","sticky":false,"template":"","format":"standard","meta":{"_acf_changed":false,"footnotes":""},"categories":[5],"tags":[],"class_list":["post-9749","post","type-post","status-publish","format-standard","has-post-thumbnail","hentry","category-uncategorized"],"acf":[],"_links":{"self":[{"href":"https:\/\/www.portail-esclavage-reunion.fr\/en\/wp-json\/wp\/v2\/posts\/9749","targetHints":{"allow":["GET"]}}],"collection":[{"href":"https:\/\/www.portail-esclavage-reunion.fr\/en\/wp-json\/wp\/v2\/posts"}],"about":[{"href":"https:\/\/www.portail-esclavage-reunion.fr\/en\/wp-json\/wp\/v2\/types\/post"}],"author":[{"embeddable":true,"href":"https:\/\/www.portail-esclavage-reunion.fr\/en\/wp-json\/wp\/v2\/users\/5"}],"replies":[{"embeddable":true,"href":"https:\/\/www.portail-esclavage-reunion.fr\/en\/wp-json\/wp\/v2\/comments?post=9749"}],"version-history":[{"count":0,"href":"https:\/\/www.portail-esclavage-reunion.fr\/en\/wp-json\/wp\/v2\/posts\/9749\/revisions"}],"wp:featuredmedia":[{"embeddable":true,"href":"https:\/\/www.portail-esclavage-reunion.fr\/en\/wp-json\/wp\/v2\/media\/10179"}],"wp:attachment":[{"href":"https:\/\/www.portail-esclavage-reunion.fr\/en\/wp-json\/wp\/v2\/media?parent=9749"}],"wp:term":[{"taxonomy":"category","embeddable":true,"href":"https:\/\/www.portail-esclavage-reunion.fr\/en\/wp-json\/wp\/v2\/categories?post=9749"},{"taxonomy":"post_tag","embeddable":true,"href":"https:\/\/www.portail-esclavage-reunion.fr\/en\/wp-json\/wp\/v2\/tags?post=9749"}],"curies":[{"name":"wp","href":"https:\/\/api.w.org\/{rel}","templated":true}]}}