{"id":14093,"date":"2025-02-05T09:03:32","date_gmt":"2025-02-05T05:03:32","guid":{"rendered":"https:\/\/www.portail-esclavage-reunion.fr\/?p=14093"},"modified":"2025-05-06T14:08:34","modified_gmt":"2025-05-06T10:08:34","slug":"lesclavage-a-bourbon-escravatura-em-bourbonum-documentario-inedito","status":"publish","type":"post","link":"https:\/\/www.portail-esclavage-reunion.fr\/pt-pt\/lesclavage-a-bourbon-escravatura-em-bourbonum-documentario-inedito\/","title":{"rendered":"<em>L&#8217;esclavage \u00e0 Bourbon (Escravatura em Bourbon)<\/em><br\/>Um document\u00e1rio in\u00e9dito"},"content":{"rendered":"\n<p><\/p>\n\n\n\n<h2 class=\"wp-block-heading\">Por ocasi\u00e3o do <em>Gran 20 d\u00e9sanm 2024<\/em>, o Departamento da Reuni\u00e3o apresenta ao p\u00fablico o primeiro document\u00e1rio hist\u00f3rico consagrado \u00e0 escravatura na ilha Bourbon, uma produ\u00e7\u00e3o local que permite revelar uma parte da hist\u00f3ria francesa e mundial que sempre foi esquecida.<\/h2>\n\n\n\n<div class=\"wp-block-columns is-layout-flex wp-container-core-columns-is-layout-9d6595d7 wp-block-columns-is-layout-flex\">\n<div class=\"wp-block-column is-layout-flow wp-block-column-is-layout-flow\">\n<figure class=\"wp-block-image size-full\"><img loading=\"lazy\" decoding=\"async\" width=\"1200\" height=\"675\" src=\"https:\/\/www.portail-esclavage-reunion.fr\/wp-content\/uploads\/2024\/12\/visuel-film-documentaire.jpg\" alt=\"\" class=\"wp-image-13975\" srcset=\"https:\/\/www.portail-esclavage-reunion.fr\/wp-content\/uploads\/2024\/12\/visuel-film-documentaire.jpg 1200w, https:\/\/www.portail-esclavage-reunion.fr\/wp-content\/uploads\/2024\/12\/visuel-film-documentaire-300x169.jpg 300w, https:\/\/www.portail-esclavage-reunion.fr\/wp-content\/uploads\/2024\/12\/visuel-film-documentaire-1024x576.jpg 1024w, https:\/\/www.portail-esclavage-reunion.fr\/wp-content\/uploads\/2024\/12\/visuel-film-documentaire-768x432.jpg 768w\" sizes=\"auto, (max-width: 767px) 89vw, (max-width: 1000px) 54vw, (max-width: 1071px) 543px, 580px\" \/><\/figure>\n<\/div>\n<\/div>\n\n\n\n<p><strong>Realiza\u00e7\u00e3o<\/strong>: Alexandre Bouti\u00e9<br><strong>Dire\u00e7\u00e3o cient\u00edfica<\/strong>: Prosper Eve, professor em\u00e9rito da Universidade da Reuni\u00e3o<br>Gilles Gauvin, membro do Comit\u00e9 Cient\u00edfico do Museu de Vill\u00e8le<br>Xavier Le Terrier, Diretor do Museu de Vill\u00e8le<br><strong>Dura\u00e7\u00e3o<\/strong>: 55 minutos<\/p>\n\n\n\n<div style=\"height:5px\" aria-hidden=\"true\" class=\"wp-block-spacer\"><\/div>\n\n\n\n<p>O document\u00e1rio, que levou mais de dois anos a realizar, reveste-se de particular import\u00e2ncia no panorama audiovisual atual, em que a regi\u00e3o das Cara\u00edbas goza de grande visibilidade gra\u00e7as \u00e0s in\u00fameras produ\u00e7\u00f5es sobre o tr\u00e1fico transatl\u00e2ntico de escravos, ao passo que a regi\u00e3o do oceano \u00cdndico, com a sua hist\u00f3ria \u00fanica, continua a ser amplamente desconhecida do grande p\u00fablico, incluindo na Reuni\u00e3o.<br>O filme assenta num quadro hist\u00f3rico rigoroso, apoiado por v\u00e1rios documentos de arquivo e numa an\u00e1lise aprofundada efetuada pelos melhores especialistas neste dom\u00ednio. Estes recursos permitem explorar as especificidades da escravatura no oceano \u00cdndico, desde a chegada dos primeiros cativos at\u00e9 \u00e0 aboli\u00e7\u00e3o da escravatura em 1848. A riqueza das hist\u00f3rias e dos testemunhos permite compreender melhor o funcionamento deste sistema, bem como os legados que deixou na sociedade reunionense atual.<br>Compreender os legados culturais, sociais e econ\u00f3micos da escravatura na Reuni\u00e3o \u00e9 tamb\u00e9m uma das chaves para uma melhor compreens\u00e3o das quest\u00f5es atuais de identidade e sociedade.<\/p>\n\n\n\n<div style=\"height:3px\" aria-hidden=\"true\" class=\"wp-block-spacer\"><\/div>\n\n\n\n<p><a href=\"https:\/\/www.youtube.com\/watch?v=RRpgijy7jPI\" target=\"_blank\" rel=\"noreferrer noopener\">Ver o filme<\/a><\/p>\n","protected":false},"excerpt":{"rendered":"<p>Por ocasi\u00e3o do Gran 20 d\u00e9sanm 2024, o Departamento da Reuni\u00e3o apresenta ao p\u00fablico o primeiro document\u00e1rio hist\u00f3rico consagrado \u00e0 escravatura na ilha Bourbon, uma produ\u00e7\u00e3o local que permite revelar uma parte da hist\u00f3ria francesa e mundial que sempre foi esquecida. Realiza\u00e7\u00e3o: Alexandre Bouti\u00e9Dire\u00e7\u00e3o cient\u00edfica: Prosper Eve, professor em\u00e9rito da Universidade da Reuni\u00e3oGilles Gauvin, membro &hellip; <\/p>\n<p class=\"link-more\"><a href=\"https:\/\/www.portail-esclavage-reunion.fr\/pt-pt\/lesclavage-a-bourbon-escravatura-em-bourbonum-documentario-inedito\/\" class=\"more-link\">Continue reading<span class=\"screen-reader-text\"> &#8220;<em>L&#8217;esclavage \u00e0 Bourbon (Escravatura em Bourbon)<\/em><br \/>Um document\u00e1rio in\u00e9dito&#8221;<\/span><\/a><\/p>\n","protected":false},"author":5,"featured_media":14080,"comment_status":"closed","ping_status":"closed","sticky":false,"template":"","format":"standard","meta":{"_acf_changed":false,"footnotes":""},"categories":[9],"tags":[],"class_list":["post-14093","post","type-post","status-publish","format-standard","has-post-thumbnail","hentry","category-sem-categoria"],"acf":[],"_links":{"self":[{"href":"https:\/\/www.portail-esclavage-reunion.fr\/pt-pt\/wp-json\/wp\/v2\/posts\/14093","targetHints":{"allow":["GET"]}}],"collection":[{"href":"https:\/\/www.portail-esclavage-reunion.fr\/pt-pt\/wp-json\/wp\/v2\/posts"}],"about":[{"href":"https:\/\/www.portail-esclavage-reunion.fr\/pt-pt\/wp-json\/wp\/v2\/types\/post"}],"author":[{"embeddable":true,"href":"https:\/\/www.portail-esclavage-reunion.fr\/pt-pt\/wp-json\/wp\/v2\/users\/5"}],"replies":[{"embeddable":true,"href":"https:\/\/www.portail-esclavage-reunion.fr\/pt-pt\/wp-json\/wp\/v2\/comments?post=14093"}],"version-history":[{"count":3,"href":"https:\/\/www.portail-esclavage-reunion.fr\/pt-pt\/wp-json\/wp\/v2\/posts\/14093\/revisions"}],"predecessor-version":[{"id":14462,"href":"https:\/\/www.portail-esclavage-reunion.fr\/pt-pt\/wp-json\/wp\/v2\/posts\/14093\/revisions\/14462"}],"wp:featuredmedia":[{"embeddable":true,"href":"https:\/\/www.portail-esclavage-reunion.fr\/pt-pt\/wp-json\/wp\/v2\/media\/14080"}],"wp:attachment":[{"href":"https:\/\/www.portail-esclavage-reunion.fr\/pt-pt\/wp-json\/wp\/v2\/media?parent=14093"}],"wp:term":[{"taxonomy":"category","embeddable":true,"href":"https:\/\/www.portail-esclavage-reunion.fr\/pt-pt\/wp-json\/wp\/v2\/categories?post=14093"},{"taxonomy":"post_tag","embeddable":true,"href":"https:\/\/www.portail-esclavage-reunion.fr\/pt-pt\/wp-json\/wp\/v2\/tags?post=14093"}],"curies":[{"name":"wp","href":"https:\/\/api.w.org\/{rel}","templated":true}]}}