{"id":5789,"date":"2021-08-05T06:30:20","date_gmt":"2021-08-05T04:30:20","guid":{"rendered":"https:\/\/www.portail-esclavage-reunion.fr\/?p=5789"},"modified":"2021-08-05T06:30:20","modified_gmt":"2021-08-05T04:30:20","slug":"20-anos-da-lei-taubira-o-conselho-departamental-da-reuniao-anuncia-um-atlas-da-escravatura-para-2023","status":"publish","type":"post","link":"https:\/\/www.portail-esclavage-reunion.fr\/pt-pt\/20-anos-da-lei-taubira-o-conselho-departamental-da-reuniao-anuncia-um-atlas-da-escravatura-para-2023\/","title":{"rendered":"20 anos da lei Taubira. O Conselho departamental da Reuni\u00e3o anuncia um atlas da escravatura para 2023"},"content":{"rendered":"<h2>O Conselho departamental anunciou o lan\u00e7amento de um atlas da escravatura, na ilha da Reuni\u00e3o, por ocasi\u00e3o do 20.\u00ba anivers\u00e1rio da lei de 21 de maio de 2001 sobre o reconhecimento do tr\u00e1fico de escravos e da escravatura como um crime contra a humanidade e como prel\u00fadio para o futuro museu Vill\u00e8le.<\/h2>\n<p>&nbsp;<\/p>\n<h4>Apresenta\u00e7\u00e3o<\/h4>\n<p>\u2022 N\u00e3o existe um atlas consagrado \u00e0 escravatura na Reuni\u00e3o. No entanto, tal ferramenta \u00e9 necess\u00e1ria para compreender a forma como a escravatura afetou, em v\u00e1rios campos, o territ\u00f3rio, as pessoas e a sua mem\u00f3ria.<\/p>\n<h4>Porqu\u00ea um atlas?<\/h4>\n<p>\u2022 Um atlas \u00e9 uma cole\u00e7\u00e3o de mapas que permite localizar e fornecer uma leitura espacializada dos acontecimentos hist\u00f3ricos, dando-nos a possibilidade de compreender como evolu\u00edram cronologicamente e geograficamente.<\/p>\n<h4>Informa\u00e7\u00e3o completa<\/h4>\n<p>O atlas:<br \/>\n\u2022 Mapear\u00e1 os lugares f\u00edsicos e simb\u00f3licos relacionados com a escravatura:<br \/>\n&#8211; As antigas \u201chabita\u00e7\u00f5es\u201d (propriedades)<br \/>\n&#8211; Os lugares de marronage (fuga de escravos)<br \/>\n&#8211; Os lugares e objetos da mem\u00f3ria<br \/>\n&#8211; O patrim\u00f3nio material e imaterial<br \/>\n&#8211; Os top\u00f3nimos ou a escravatura na paisagem<br \/>\n&#8211; Os servi\u00e7os p\u00fablicos de investiga\u00e7\u00e3o e cultura (arquivos, universidades, museus, centros de recursos, etc.)<br \/>\n&#8230;<br \/>\n\u2022 Detalhar\u00e1 todas as informa\u00e7\u00f5es dispon\u00edveis e identificadas relativamente a cada local.<\/p>\n<h4>Uma ferramenta moderna e acess\u00edvel<\/h4>\n<p>O atlas:<br \/>\n\u2022 Ser\u00e1 digital, dispon\u00edvel gratuitamente online, de uma forma din\u00e2mica, intuitiva e interativa.<br \/>\n\u2022 Ser\u00e1 enriquecido \u00e0 medida que o conhecimento avan\u00e7a.<br \/>\n\u2022 Poder\u00e1 ser publicado como um atlas f\u00edsico.<\/p>\n<h4>Um projeto unificador e colaborativo<\/h4>\n<p>\u2022 A implementa\u00e7\u00e3o de um projeto deste tipo \u00e9 complexa. Requer a colabora\u00e7\u00e3o cient\u00edfica, cultural, t\u00e9cnica e material de um grande n\u00famero de parceiros (mundo da investiga\u00e7\u00e3o, sociedades eruditas, associa\u00e7\u00f5es&#8230;).<br \/>\n\u2022 Tamb\u00e9m precisa de apoio popular.<br \/>\n\u2022 E em todas estas \u00e1reas, necessita do apoio do Estado, das autarquias locais, das institui\u00e7\u00f5es cient\u00edficas e culturais, das funda\u00e7\u00f5es e empresas privadas atrav\u00e9s do patroc\u00ednio.<\/p>\n<h4>Calend\u00e1rio<\/h4>\n<p>2021: invent\u00e1rio, constitui\u00e7\u00e3o do corpus documental<br \/>\n2022: desenvolvimento da cartografia<br \/>\n2023: lan\u00e7amento online\/inaugura\u00e7\u00e3o dos primeiros conte\u00fados.<\/p>\n","protected":false},"excerpt":{"rendered":"<p>O Conselho departamental anunciou o lan\u00e7amento de um atlas da escravatura, na ilha da Reuni\u00e3o, por ocasi\u00e3o do 20.\u00ba anivers\u00e1rio da lei de 21 de maio de 2001 sobre o reconhecimento do tr\u00e1fico de escravos e da escravatura como um crime contra a humanidade e como prel\u00fadio para o futuro museu Vill\u00e8le. &nbsp; Apresenta\u00e7\u00e3o \u2022 &hellip; <\/p>\n<p class=\"link-more\"><a href=\"https:\/\/www.portail-esclavage-reunion.fr\/pt-pt\/20-anos-da-lei-taubira-o-conselho-departamental-da-reuniao-anuncia-um-atlas-da-escravatura-para-2023\/\" class=\"more-link\">Continue reading<span class=\"screen-reader-text\"> &#8220;20 anos da lei Taubira. O Conselho departamental da Reuni\u00e3o anuncia um atlas da escravatura para 2023&#8221;<\/span><\/a><\/p>\n","protected":false},"author":5,"featured_media":5126,"comment_status":"open","ping_status":"open","sticky":false,"template":"","format":"standard","meta":{"_acf_changed":false,"footnotes":""},"categories":[9],"tags":[],"class_list":["post-5789","post","type-post","status-publish","format-standard","has-post-thumbnail","hentry","category-sem-categoria"],"acf":[],"_links":{"self":[{"href":"https:\/\/www.portail-esclavage-reunion.fr\/pt-pt\/wp-json\/wp\/v2\/posts\/5789","targetHints":{"allow":["GET"]}}],"collection":[{"href":"https:\/\/www.portail-esclavage-reunion.fr\/pt-pt\/wp-json\/wp\/v2\/posts"}],"about":[{"href":"https:\/\/www.portail-esclavage-reunion.fr\/pt-pt\/wp-json\/wp\/v2\/types\/post"}],"author":[{"embeddable":true,"href":"https:\/\/www.portail-esclavage-reunion.fr\/pt-pt\/wp-json\/wp\/v2\/users\/5"}],"replies":[{"embeddable":true,"href":"https:\/\/www.portail-esclavage-reunion.fr\/pt-pt\/wp-json\/wp\/v2\/comments?post=5789"}],"version-history":[{"count":0,"href":"https:\/\/www.portail-esclavage-reunion.fr\/pt-pt\/wp-json\/wp\/v2\/posts\/5789\/revisions"}],"wp:featuredmedia":[{"embeddable":true,"href":"https:\/\/www.portail-esclavage-reunion.fr\/pt-pt\/wp-json\/wp\/v2\/media\/5126"}],"wp:attachment":[{"href":"https:\/\/www.portail-esclavage-reunion.fr\/pt-pt\/wp-json\/wp\/v2\/media?parent=5789"}],"wp:term":[{"taxonomy":"category","embeddable":true,"href":"https:\/\/www.portail-esclavage-reunion.fr\/pt-pt\/wp-json\/wp\/v2\/categories?post=5789"},{"taxonomy":"post_tag","embeddable":true,"href":"https:\/\/www.portail-esclavage-reunion.fr\/pt-pt\/wp-json\/wp\/v2\/tags?post=5789"}],"curies":[{"name":"wp","href":"https:\/\/api.w.org\/{rel}","templated":true}]}}