{"id":7385,"date":"2021-12-13T09:35:16","date_gmt":"2021-12-13T08:35:16","guid":{"rendered":"https:\/\/www.portail-esclavage-reunion.fr\/?p=7385"},"modified":"2021-12-13T09:35:16","modified_gmt":"2021-12-13T08:35:16","slug":"homenagem-ao-historiador-claude-wanquet-1937-2020","status":"publish","type":"post","link":"https:\/\/www.portail-esclavage-reunion.fr\/pt-pt\/homenagem-ao-historiador-claude-wanquet-1937-2020\/","title":{"rendered":"Homenagem ao historiador Claude Wanquet (1937-2020)"},"content":{"rendered":"<h2>O Departamento presta homenagem \u00e0 mem\u00f3ria do eminente historiador Claude Wanquet, falecido recentemente.<\/h2>\n<p>&nbsp;<\/p>\n<p style=\"text-align: center;\"><a href=\"https:\/\/www.portail-esclavage-reunion.fr\/wp-content\/uploads\/2020\/02\/claude-wanquet.jpg\"><img loading=\"lazy\" decoding=\"async\" class=\"aligncenter size-full wp-image-2606\" src=\"https:\/\/www.portail-esclavage-reunion.fr\/wp-content\/uploads\/2020\/02\/claude-wanquet.jpg\" alt=\"\" width=\"650\" height=\"365\" srcset=\"https:\/\/www.portail-esclavage-reunion.fr\/wp-content\/uploads\/2020\/02\/claude-wanquet.jpg 650w, https:\/\/www.portail-esclavage-reunion.fr\/wp-content\/uploads\/2020\/02\/claude-wanquet-300x168.jpg 300w\" sizes=\"auto, (max-width: 650px) 100vw, 650px\" \/><\/a><\/p>\n<p>&nbsp;<\/p>\n<p>Reconhecido especialista no per\u00edodo revolucion\u00e1rio e imperial, come\u00e7ou a sua carreira como autor atrav\u00e9s da publica\u00e7\u00e3o da sua tese \u00abHistoire d\u2019une r\u00e9volution : La R\u00e9union (1789-1803)\u00bb (Hist\u00f3ria de uma revolu\u00e7\u00e3o: a Reuni\u00e3o (1789-1803)). Posteriormente, escreveu dezenas de livros e artigos cient\u00edficos sobre o seu tema de elei\u00e7\u00e3o.<\/p>\n<p>Professor em\u00e9rito de hist\u00f3ria na Universidade da Reuni\u00e3o, antigo presidente da Associa\u00e7\u00e3o Hist\u00f3rica Internacional do Oceano \u00cdndico (1998-2008), membro da Academia da Reuni\u00e3o desde 1969, Claude Wanquet colaborou regularmente com o Conselho Departamental com vista a divulgar investiga\u00e7\u00f5es cient\u00edficas e propor publica\u00e7\u00f5es destinadas ao p\u00fablico em geral.<\/p>\n<p>Em 2017, Claude Wanquet aceitou ser membro honor\u00e1rio do comit\u00e9 cient\u00edfico para a prefigura\u00e7\u00e3o do novo museu Vill\u00e8le.<br \/>\nHoje, a Biblioteca departamental da Reuni\u00e3o e o Portal digital do museu sobre a escravatura na Reuni\u00e3o prestam homenagem ao historiador.<\/p>\n<p>O Departamento apresenta os seus sinceros p\u00easames \u00e0 fam\u00edlia e amigos de Claude Wanquet.<\/p>\n<p>&nbsp;<\/p>\n<h4>Leia os artigos de Claude Wanquet publicados no s\u00edtio web:<\/h4>\n<p><span style=\"color: #3366ff;\"><a style=\"color: #3366ff;\" href=\"https:\/\/www.portail-esclavage-reunion.fr\/documentaires\/l-habitation-desbassayns\/la-famille-desbassayns\/portrait-dhenri-paulin-panon-desbassayns\/\" target=\"_blank\" rel=\"noopener\"><em>Portrait d\u2019Henri-Paulin Panon Desbassayns<\/em> \/ Claude Wanquet. In Soci\u00e9t\u00e9 de plantation, histoire &amp; m\u00e9moire de l\u2019esclavage \u00e0 La R\u00e9union<\/a><\/span><\/p>\n<p><span style=\"color: #3366ff;\"><a style=\"color: #3366ff;\" href=\"https:\/\/www.portail-esclavage-reunion.fr\/documentaires\/abolition-de-l-esclavage\/l-abolition-de-l-esclavage-a-la-reunion\/la-premiere-abolition-de-lesclavage-par-la-france-et-sa-non-application-a-la-reunion\/\" target=\"_blank\" rel=\"noopener\"><em>La premi\u00e8re abolition de l\u2019esclavage \u00e0 La R\u00e9union et sa non application par la France \u00e0 La R\u00e9union<\/em> \/ Claude Wanquet. In Soci\u00e9t\u00e9 de plantation, histoire &amp; m\u00e9moire de l\u2019esclavage \u00e0 La R\u00e9union<\/a><\/span><\/p>\n<p>&nbsp;<\/p>\n<h4>Bibliografia<\/h4>\n<p><em>Histoire d&#8217;une r\u00e9volution : La R\u00e9union 1789-1803 \/ Claude Wanquet<\/em>. \u2013 Marseille : J. Laffitte, 1980. &#8211; 3 vol. (779 p., 514 p., 622 p.) ; 22 cm.<\/p>\n<p><em>Des marines au port de la pointe des galets : 1886-1986, centenaire <\/em>\/ [Comit\u00e9 du centenaire de la ville du Port] ; [r\u00e9d. par] Ang\u00e8le Squarzoni, Claude Wanquet, \u00c9lie Fontaine, Edmond Maestri&#8230; [et al.] ; pr\u00e9face de Claude Wanquet . &#8211; La R\u00e9union : Comit\u00e9 du centenaire de la ville du Port, 1987. &#8211; (195 p.): ill.; 21 cm . &#8211; (1886-1986 Centenaire).<\/p>\n<p><em>Fragments pour une histoire des \u00e9conomies et soci\u00e9t\u00e9s de plantation \u00e0 La R\u00e9union <\/em>\/ sous la direction de Claude Wanquet. &#8211;\u00a0Saint-Denis : Publications de l&#8217;Universit\u00e9 de la R\u00e9union, Centre de documentation et de Recherche en Histoire R\u00e9gionale de l&#8217;Universit\u00e9 de la R\u00e9union, 1989. &#8211; 351 p. : couv. ill. en coul. ; 21 cm.<\/p>\n<p><em>La R\u00e9volution \u00e0 la R\u00e9union : 1789-1803 : [exposition, H\u00f4tel de ville de Saint-Denis, 1990<\/em>] \/ [organis\u00e9e par le] Mus\u00e9e de Vill\u00e8le&#8230; ; [catalogue de] Claude Wanquet,&#8230; ; [pr\u00e9f. de Jean Barbier]. &#8211; Saint-Gilles-les-Hauts : Mus\u00e9e historique de Vill\u00e8le, 1990. &#8211;\u00a01\u00a0vol. (24 p.) : ill. en noir et en coul. ; 21 cm.<\/p>\n<p><em>Les Premiers d\u00e9put\u00e9s de La R\u00e9union \u00e0 l&#8217;Assembl\u00e9e nationale : quatre insulaires en R\u00e9volution (1790-1798<\/em>) \/ Claude Wanquet. \u2013 Paris : Karthala, 1992. &#8211; 1 vol. (237 p.) ; 22 cm.<\/p>\n<p><em>La France et la premi\u00e8re abolition de l&#8217;esclavage : 1794-1802 : le cas des colonies orientales Ile de France (Maurice) et La R\u00e9union<\/em> \/ Claude Wanquet. \u2013 Paris : Karthala, 1998. &#8211; 1 vol. (724 p.) : ill. ; 25 cm. &#8211; (Hommes et soci\u00e9t\u00e9s).<\/p>\n<p><em>Henri Paulin Panon Desbassayns : autopsie d&#8217;un&#8221;gros Blanc&#8221; r\u00e9unionnais de la fin du XVIIIe si\u00e8cle<\/em> \/ Claude Wanquet . &#8211;\u00a0Saint-Gilles-les-Hauts : Mus\u00e9e historique de Vill\u00e8le, 2011. &#8211; 1 vol. (335 p.-[32] p. de pl.) : ill. en noir et en coul. ; 25 cm. &#8211;\u00a0(Collection patrimoniale Histoire).<\/p>\n","protected":false},"excerpt":{"rendered":"<p>O Departamento presta homenagem \u00e0 mem\u00f3ria do eminente historiador Claude Wanquet, falecido recentemente. &nbsp; &nbsp; Reconhecido especialista no per\u00edodo revolucion\u00e1rio e imperial, come\u00e7ou a sua carreira como autor atrav\u00e9s da publica\u00e7\u00e3o da sua tese \u00abHistoire d\u2019une r\u00e9volution : La R\u00e9union (1789-1803)\u00bb (Hist\u00f3ria de uma revolu\u00e7\u00e3o: a Reuni\u00e3o (1789-1803)). Posteriormente, escreveu dezenas de livros e artigos &hellip; <\/p>\n<p class=\"link-more\"><a href=\"https:\/\/www.portail-esclavage-reunion.fr\/pt-pt\/homenagem-ao-historiador-claude-wanquet-1937-2020\/\" class=\"more-link\">Continue reading<span class=\"screen-reader-text\"> &#8220;Homenagem ao historiador Claude Wanquet (1937-2020)&#8221;<\/span><\/a><\/p>\n","protected":false},"author":5,"featured_media":7387,"comment_status":"open","ping_status":"open","sticky":false,"template":"","format":"standard","meta":{"_acf_changed":false,"footnotes":""},"categories":[9],"tags":[],"class_list":["post-7385","post","type-post","status-publish","format-standard","has-post-thumbnail","hentry","category-sem-categoria"],"acf":[],"_links":{"self":[{"href":"https:\/\/www.portail-esclavage-reunion.fr\/pt-pt\/wp-json\/wp\/v2\/posts\/7385","targetHints":{"allow":["GET"]}}],"collection":[{"href":"https:\/\/www.portail-esclavage-reunion.fr\/pt-pt\/wp-json\/wp\/v2\/posts"}],"about":[{"href":"https:\/\/www.portail-esclavage-reunion.fr\/pt-pt\/wp-json\/wp\/v2\/types\/post"}],"author":[{"embeddable":true,"href":"https:\/\/www.portail-esclavage-reunion.fr\/pt-pt\/wp-json\/wp\/v2\/users\/5"}],"replies":[{"embeddable":true,"href":"https:\/\/www.portail-esclavage-reunion.fr\/pt-pt\/wp-json\/wp\/v2\/comments?post=7385"}],"version-history":[{"count":0,"href":"https:\/\/www.portail-esclavage-reunion.fr\/pt-pt\/wp-json\/wp\/v2\/posts\/7385\/revisions"}],"wp:featuredmedia":[{"embeddable":true,"href":"https:\/\/www.portail-esclavage-reunion.fr\/pt-pt\/wp-json\/wp\/v2\/media\/7387"}],"wp:attachment":[{"href":"https:\/\/www.portail-esclavage-reunion.fr\/pt-pt\/wp-json\/wp\/v2\/media?parent=7385"}],"wp:term":[{"taxonomy":"category","embeddable":true,"href":"https:\/\/www.portail-esclavage-reunion.fr\/pt-pt\/wp-json\/wp\/v2\/categories?post=7385"},{"taxonomy":"post_tag","embeddable":true,"href":"https:\/\/www.portail-esclavage-reunion.fr\/pt-pt\/wp-json\/wp\/v2\/tags?post=7385"}],"curies":[{"name":"wp","href":"https:\/\/api.w.org\/{rel}","templated":true}]}}