{"id":9918,"date":"2023-03-31T07:01:28","date_gmt":"2023-03-31T05:01:28","guid":{"rendered":"https:\/\/www.portail-esclavage-reunion.fr\/?p=9918"},"modified":"2023-04-11T07:18:56","modified_gmt":"2023-04-11T05:18:56","slug":"os-museus-face-a-escravatura-o-desafio-de-reconciliar-as-narrativas-sobre-uma-heranca-comumsimposio-de-12-a-16-de-abril-de-2023","status":"publish","type":"post","link":"https:\/\/www.portail-esclavage-reunion.fr\/pt-pt\/os-museus-face-a-escravatura-o-desafio-de-reconciliar-as-narrativas-sobre-uma-heranca-comumsimposio-de-12-a-16-de-abril-de-2023\/","title":{"rendered":"\u201cOs museus face \u00e0 escravatura: o desafio de reconciliar as narrativas sobre uma heran\u00e7a comum\u201d<br\/>Simp\u00f3sio, de 12 a 16 de abril de 2023"},"content":{"rendered":"<h2>Karty\u00e9 Lib M\u00e9moire &amp; Patrimoine Oc\u00e9an Indien, juntamente com os parceiros, o Alto Comissariado para os Direitos Humanos, o F\u00f3rum de reflex\u00e3o Afrospectives, o Museu das Civiliza\u00e7\u00f5es Negras e a Coaliz\u00e3o Internacional dos S\u00edtios de Consci\u00eancia, organizam um simp\u00f3sio internacional sobre o tema \u201cOs museus face \u00e0 escravatura\u201d: o desafio de reconciliar as narrativas sobre uma heran\u00e7a comum\u201d na Ilha da Reuni\u00e3o de 12 a 15 de abril no audit\u00f3rio da M\u00e9diath\u00e8que Auguste Lacaussade em Saint-Andr\u00e9 e dia 16 de abril no Centre et Cie Isma\u00ebl Aboudou em Saint-Denis.<\/h2>\n<p>&nbsp;<\/p>\n<a href=\"https:\/\/www.portail-esclavage-reunion.fr\/wp-content\/uploads\/2023\/03\/affiche_vicissitudes-009-jason-decaires-taylor-sculpture-1.jpg\" target=\"_blank\" rel=\"noopener\"><img loading=\"lazy\" decoding=\"async\" class=\"taille-initiale alignleft wp-image-9894 size-full\" src=\"https:\/\/www.portail-esclavage-reunion.fr\/wp-content\/uploads\/2023\/03\/affiche_vicissitudes-009-jason-decaires-taylor-sculpture-1-e1680000357254.jpg\" alt=\"\" width=\"423\" height=\"600\" \/><\/a>\n<p>Realizado no \u00e2mbito da D\u00e9cada Internacional de Afrodescendentes (2015-2024) proclamada pelas Na\u00e7\u00f5es Unidas, este simp\u00f3sio reunir\u00e1 investigadores, profissionais de museus e patrim\u00f3nio, diretores de s\u00edtios e lugares de mem\u00f3ria, educadores e criadores oriundos de v\u00e1rias regi\u00f5es do mundo.<\/p>\n<p>O simp\u00f3sio visa transmitir uma melhor compreens\u00e3o do impacto de Toussaint Louverture e da Revolu\u00e7\u00e3o Haitiana nas diversas regi\u00f5es do mundo, em especial no oceano \u00cdndico, trocar experi\u00eancias e pr\u00e1ticas em mat\u00e9ria de interpreta\u00e7\u00e3o e de representa\u00e7\u00e3o da escravatura nos museus, debater novas abordagens para desenvolver narrativas congregadoras relativas a esta heran\u00e7a comum, bem como explorar as oportunidades e as modalidades de colabora\u00e7\u00e3o e de parceria entre os museus.<\/p>\n<p>As mesas redondas sobre os museus estruturar-se-\u00e3o em torno dos tr\u00eas eixos seguintes:<br \/>\n&#8211; Sil\u00eancios, desconhecimentos e conhecimentos sobre a escravatura;<br \/>\n&#8211; An\u00e1lises cr\u00edticas das experi\u00eancias e pr\u00e1ticas existentes no que toca \u00e0s representa\u00e7\u00f5es e interpreta\u00e7\u00f5es da escravatura;<br \/>\n&#8211; Os museus enquanto lugar de reconcilia\u00e7\u00e3o: novas abordagens e pr\u00e1ticas museais.<\/p>\n<p>&nbsp;<\/p>\n<p>A participa\u00e7\u00e3o nestas mesas redondas contemplar\u00e1 associa\u00e7\u00f5es e particulares da especialidade que a solicitem no limite das vagas dispon\u00edveis. Uma restitui\u00e7\u00e3o dos trabalhos ser\u00e1 imediatamente proposta ao p\u00fablico em geral no final do evento.<\/p>\n","protected":false},"excerpt":{"rendered":"<p>Karty\u00e9 Lib M\u00e9moire &amp; Patrimoine Oc\u00e9an Indien, juntamente com os parceiros, o Alto Comissariado para os Direitos Humanos, o F\u00f3rum de reflex\u00e3o Afrospectives, o Museu das Civiliza\u00e7\u00f5es Negras e a Coaliz\u00e3o Internacional dos S\u00edtios de Consci\u00eancia, organizam um simp\u00f3sio internacional sobre o tema \u201cOs museus face \u00e0 escravatura\u201d: o desafio de reconciliar as narrativas sobre &hellip; <\/p>\n<p class=\"link-more\"><a href=\"https:\/\/www.portail-esclavage-reunion.fr\/pt-pt\/os-museus-face-a-escravatura-o-desafio-de-reconciliar-as-narrativas-sobre-uma-heranca-comumsimposio-de-12-a-16-de-abril-de-2023\/\" class=\"more-link\">Continue reading<span class=\"screen-reader-text\"> &#8220;\u201cOs museus face \u00e0 escravatura: o desafio de reconciliar as narrativas sobre uma heran\u00e7a comum\u201d<br \/>Simp\u00f3sio, de 12 a 16 de abril de 2023&#8243;<\/span><\/a><\/p>\n","protected":false},"author":5,"featured_media":9993,"comment_status":"open","ping_status":"open","sticky":false,"template":"","format":"standard","meta":{"_acf_changed":false,"footnotes":""},"categories":[9],"tags":[],"class_list":["post-9918","post","type-post","status-publish","format-standard","has-post-thumbnail","hentry","category-sem-categoria"],"acf":[],"_links":{"self":[{"href":"https:\/\/www.portail-esclavage-reunion.fr\/pt-pt\/wp-json\/wp\/v2\/posts\/9918","targetHints":{"allow":["GET"]}}],"collection":[{"href":"https:\/\/www.portail-esclavage-reunion.fr\/pt-pt\/wp-json\/wp\/v2\/posts"}],"about":[{"href":"https:\/\/www.portail-esclavage-reunion.fr\/pt-pt\/wp-json\/wp\/v2\/types\/post"}],"author":[{"embeddable":true,"href":"https:\/\/www.portail-esclavage-reunion.fr\/pt-pt\/wp-json\/wp\/v2\/users\/5"}],"replies":[{"embeddable":true,"href":"https:\/\/www.portail-esclavage-reunion.fr\/pt-pt\/wp-json\/wp\/v2\/comments?post=9918"}],"version-history":[{"count":0,"href":"https:\/\/www.portail-esclavage-reunion.fr\/pt-pt\/wp-json\/wp\/v2\/posts\/9918\/revisions"}],"wp:featuredmedia":[{"embeddable":true,"href":"https:\/\/www.portail-esclavage-reunion.fr\/pt-pt\/wp-json\/wp\/v2\/media\/9993"}],"wp:attachment":[{"href":"https:\/\/www.portail-esclavage-reunion.fr\/pt-pt\/wp-json\/wp\/v2\/media?parent=9918"}],"wp:term":[{"taxonomy":"category","embeddable":true,"href":"https:\/\/www.portail-esclavage-reunion.fr\/pt-pt\/wp-json\/wp\/v2\/categories?post=9918"},{"taxonomy":"post_tag","embeddable":true,"href":"https:\/\/www.portail-esclavage-reunion.fr\/pt-pt\/wp-json\/wp\/v2\/tags?post=9918"}],"curies":[{"name":"wp","href":"https:\/\/api.w.org\/{rel}","templated":true}]}}