{"id":10548,"date":"2023-06-20T12:30:24","date_gmt":"2023-06-20T10:30:24","guid":{"rendered":"https:\/\/www.portail-esclavage-reunion.fr\/?p=10548"},"modified":"2023-09-26T07:10:15","modified_gmt":"2023-09-26T05:10:15","slug":"nouvo-kontribusyon-rantr-oubliye-ek-abuze-la-memoir-koca-listoir-i-pe-fe","status":"publish","type":"post","link":"https:\/\/www.portail-esclavage-reunion.fr\/re\/nouvo-kontribusyon-rantr-oubliye-ek-abuze-la-memoir-koca-listoir-i-pe-fe\/","title":{"rendered":"<em>Nouvo kontrib\u00fcsyon<\/em> Rantr\u2019 oubliye \u00e8k ab\u00fcze la m\u00e9moir, ko\u00e7a Listoir i p\u00e9 f\u00e9 ?"},"content":{"rendered":"<h4><strong>In t\u00e8ks listoryinn Reine-Claude Grondin la-\u00e9krire<\/strong><\/h4>\n<p>&nbsp;<\/p>\n<h2>Lan\u00e9 1983, 135 an apr\u00e9 son labolisyon, la-d\u00e9klare la rokon\u00e9ssanse ofissi\u00e8l l\u00e9sklavaj La R\u00e9nyon. \u00c7a la-m\u00e8te dan la t\u00eate demoun ke si t\u00e9 i koze pa ditou dessi, t\u00e9 parsk bann zansien propri\u00e9t\u00e8r \u00e8k zot d\u00e9ssandan lav\u00e9-am\u00e8ne in politik \u00e9kspr\u00e9 po f\u00e9 oubliye pass\u00e9-la.<\/h2>\n<p>&nbsp;<\/p>\n<img loading=\"lazy\" decoding=\"async\" class=\"taille-initiale alignright wp-image-10519 size-full\" src=\"https:\/\/www.portail-esclavage-reunion.fr\/wp-content\/uploads\/2023\/06\/2000-2-21-1-1-e1687248190590.jpg\" alt=\"\" width=\"400\" height=\"500\" \/>\n<p>&nbsp;<\/p>\n<p>Vr\u00e9 po vr\u00e9man, banna m\u00e8m la-\u00e9krire listoir l\u00e9sklavaj. Zot la-fane in f\u00e8b ropr\u00e9zantasyon sist\u00e8m l\u00e9sklavaj-la. Zot la-m\u00e8te dan la t\u00eate demoun instrui lid\u00e9-mant\u00ebr in koloni \u00e9gzanpl\u00e8r, zot la-\u00e9ss\u00e8ye rande invizib la violanse sist\u00e8m-la. La mani\u00e8r rakonte listoir-la t\u00e9 po s\u00e8rve lo d\u00e9vlopman kolonial frans\u00e9. Jiska dann mili\u00eb XX\u00e8m si\u00e8k, li la-r\u00e8ste dan la t\u00eate lo tr\u00e9p\u00e9 demoun t\u00e9 i gaingne lire. Anparmi lo bann zafranshi 1848, nav\u00e9 pwin p\u00e8rsone kapab \u00e9krire in ot mani\u00e8r voir ke la m\u00e9moir bann zaristokrate.<\/p>\n<p>Malgr\u00e9 \u00e7a, kan-m\u00e8m nav\u00e9 pwin in rokon\u00e9ssanse ofissi\u00e8l, \u00e7a la-pa d\u00e9fande lo bann m\u00e9moir priv\u00e9 familial vive \u2013 ce bann m\u00e9moir dinamik, d\u00e9par\u00e9y\u00e9 par\u00e8y in tapi mandian-la. Troizi\u00e8m j\u00e9n\u00e9rasyon bann d\u00e9ssandan zafranshi la-m\u00e8te ansanm zot m\u00e9moir po gaingne m\u00e8te anl\u00e8r, jordi, in listoir ke t\u00e9 i rakonte pa ditou jiska dann zan\u00e9 1970-1980.<\/p>\n<p>&nbsp;<\/p>\n<p>&nbsp;<\/p>\n<p>Ce diz\u00e8n zan\u00e9-la i marke lo komansman lo partaj kol\u00e8ktif listoir l\u00e9sklavaj. Soman lo ral\u00e9-pouss\u00e9 la m\u00e9moir i r\u00e8ste dan la t\u00eate demoun. In mani\u00e8r voir listoir par boute i f\u00e9 d\u00fcre \u00e7a. L\u00e9 par\u00e8y po bann landroi la m\u00e9moir.<br \/>\nI fo pa oubliye lo sist\u00e8m l\u00e9sklavaj la-toushe toute lorganizasyon la sossi\u00e9t\u00e9, la-f\u00e9 \u00e9n\u00e8te in shanjman antropolojik, la-done toute bann r\u00e9nyon\u00e9 l\u00e9ritaj in sist\u00e8m sossio-\u00e9konomik.<\/p>\n<p><a href=\"https:\/\/www.portail-esclavage-reunion.fr\/documentaires\/memoire-de-l-esclavage\/memoires\/entre-loubli-et-les-abus-de-memoire-que-peut-lhistoire\/\" target=\"_blank\" rel=\"noopener\"><strong><span style=\"color: #693f3f;\">Lire lartik-la<\/span><\/strong><\/a><\/p>\n","protected":false},"excerpt":{"rendered":"<p>In t\u00e8ks listoryinn Reine-Claude Grondin la-\u00e9krire &nbsp; Lan\u00e9 1983, 135 an apr\u00e9 son labolisyon, la-d\u00e9klare la rokon\u00e9ssanse ofissi\u00e8l l\u00e9sklavaj La R\u00e9nyon. \u00c7a la-m\u00e8te dan la t\u00eate demoun ke si t\u00e9 i koze pa ditou dessi, t\u00e9 parsk bann zansien propri\u00e9t\u00e8r \u00e8k zot d\u00e9ssandan lav\u00e9-am\u00e8ne in politik \u00e9kspr\u00e9 po f\u00e9 oubliye pass\u00e9-la. &nbsp; &nbsp; Vr\u00e9 po &hellip; <\/p>\n<p class=\"link-more\"><a href=\"https:\/\/www.portail-esclavage-reunion.fr\/re\/nouvo-kontribusyon-rantr-oubliye-ek-abuze-la-memoir-koca-listoir-i-pe-fe\/\" class=\"more-link\">Continue reading<span class=\"screen-reader-text\"> &#8220;<em>Nouvo kontrib\u00fcsyon<\/em> Rantr\u2019 oubliye \u00e8k ab\u00fcze la m\u00e9moir, ko\u00e7a Listoir i p\u00e9 f\u00e9 ?&#8221;<\/span><\/a><\/p>\n","protected":false},"author":5,"featured_media":11122,"comment_status":"open","ping_status":"open","sticky":false,"template":"","format":"standard","meta":{"_acf_changed":false,"footnotes":""},"categories":[1],"tags":[],"class_list":["post-10548","post","type-post","status-publish","format-standard","has-post-thumbnail","hentry","category-non-classifiee"],"acf":[],"_links":{"self":[{"href":"https:\/\/www.portail-esclavage-reunion.fr\/re\/wp-json\/wp\/v2\/posts\/10548","targetHints":{"allow":["GET"]}}],"collection":[{"href":"https:\/\/www.portail-esclavage-reunion.fr\/re\/wp-json\/wp\/v2\/posts"}],"about":[{"href":"https:\/\/www.portail-esclavage-reunion.fr\/re\/wp-json\/wp\/v2\/types\/post"}],"author":[{"embeddable":true,"href":"https:\/\/www.portail-esclavage-reunion.fr\/re\/wp-json\/wp\/v2\/users\/5"}],"replies":[{"embeddable":true,"href":"https:\/\/www.portail-esclavage-reunion.fr\/re\/wp-json\/wp\/v2\/comments?post=10548"}],"version-history":[{"count":0,"href":"https:\/\/www.portail-esclavage-reunion.fr\/re\/wp-json\/wp\/v2\/posts\/10548\/revisions"}],"wp:featuredmedia":[{"embeddable":true,"href":"https:\/\/www.portail-esclavage-reunion.fr\/re\/wp-json\/wp\/v2\/media\/11122"}],"wp:attachment":[{"href":"https:\/\/www.portail-esclavage-reunion.fr\/re\/wp-json\/wp\/v2\/media?parent=10548"}],"wp:term":[{"taxonomy":"category","embeddable":true,"href":"https:\/\/www.portail-esclavage-reunion.fr\/re\/wp-json\/wp\/v2\/categories?post=10548"},{"taxonomy":"post_tag","embeddable":true,"href":"https:\/\/www.portail-esclavage-reunion.fr\/re\/wp-json\/wp\/v2\/tags?post=10548"}],"curies":[{"name":"wp","href":"https:\/\/api.w.org\/{rel}","templated":true}]}}