{"id":13869,"date":"2024-10-10T14:44:26","date_gmt":"2024-10-10T10:44:26","guid":{"rendered":"https:\/\/www.portail-esclavage-reunion.fr\/?p=13869"},"modified":"2024-10-21T08:25:59","modified_gmt":"2024-10-21T04:25:59","slug":"lespozisyon-figur-bann-zanset-i-artourne-lil-moris-po-lo-koleksyon-froberville-21-sektanm-apartir-jiska-1er-dessanm-2024-dann-chateau-de-blois","status":"publish","type":"post","link":"https:\/\/www.portail-esclavage-reunion.fr\/re\/lespozisyon-figur-bann-zanset-i-artourne-lil-moris-po-lo-koleksyon-froberville-21-sektanm-apartir-jiska-1er-dessanm-2024-dann-chateau-de-blois\/","title":{"rendered":"L\u00e9spozisyon \u00ab Fig\u00fcr bann zans\u00e8t. I artourne Lil Moris po lo kol\u00e9ksyon Froberville \u00bb <br\/>21 s\u00e9ktanm apartir jiska 1er d\u00e9ssanm 2024 dann Ch\u00e2teau de Blois"},"content":{"rendered":"\n<h2 class=\"wp-block-heading\">Depi 1940, lo Ch\u00e2teau royal de Blois i ramasse dann son bann r\u00e9z\u00e8rv in lansanm 53 o-d\u2019kor moul\u00e9 apartir in bann zansien zafrikin kapay\u00e9. Lav\u00e9 m\u00e8te la pl\u00fcpar rantr\u2019 zot dann l\u00e9sklavaj Lil Moris. Kol\u00e9ksyon-la la-niabou \u00e8te rogroup\u00e9 dann lil-la lan\u00e9 1846 par Eug\u00e8ne de Froberville po son \u00ab&nbsp;lank\u00e8te \u00e9tnolojik \u00bb dessi L\u00e9st Lafrik.<\/h2>\n\n\n\n<div class=\"wp-block-columns is-layout-flex wp-container-core-columns-is-layout-9d6595d7 wp-block-columns-is-layout-flex\">\n<div class=\"wp-block-column is-layout-flow wp-block-column-is-layout-flow\">\n<div style=\"height:200px\" aria-hidden=\"true\" class=\"wp-block-spacer\"><\/div>\n\n\n\n<p>L\u00e9spozisyon \u00ab Fig\u00fcr bann zans\u00e8t. I artourne Lil Moris po lo kol\u00e9ksion Froberville \u00bb promi\u00e9 foi i amontre kol\u00e9ksyon-la t\u00e9l ke l\u00e9t\u00e9 po vr\u00e9man grace in bann dok\u00fcman la jam\u00e9 amontr\u00e9. L\u00e9spozisyon-la, roganiz\u00e9 par la ville Blois, aranj\u00e9 par la kons\u00e9rvasyon lo Ch\u00e2teau royal de Blois \u00e8k Klara Boyer-Rossol, in listori\u00e8ne \u00e9pila komiss\u00e8r siantifik, s\u00e9 in t\u00e9moiniaj \u00e9ks\u00e9psion\u00e8l dessi listoir l\u00e9sklavaj. L\u00e9v\u00e8neman-la t\u00e9 roganiz\u00e9 par lo m\u00fcz\u00e9 l\u00e9sklavaj int\u00e8rkontinantal Porlwi (Lil Moris) \u00e8k la fondasyon po la m\u00e9moir l\u00e9sklavaj toul\u00e9d\u00e9 ansanm.<\/p>\n<\/div>\n\n\n\n<div class=\"wp-block-column is-layout-flow wp-block-column-is-layout-flow\">\n<figure class=\"wp-block-image size-full\"><img loading=\"lazy\" decoding=\"async\" width=\"545\" height=\"800\" src=\"https:\/\/www.portail-esclavage-reunion.fr\/wp-content\/uploads\/2024\/09\/expo-visages-d-ancetres-froberville-chateau-blois.webp\" alt=\"\" class=\"wp-image-13831\" srcset=\"https:\/\/www.portail-esclavage-reunion.fr\/wp-content\/uploads\/2024\/09\/expo-visages-d-ancetres-froberville-chateau-blois.webp 545w, https:\/\/www.portail-esclavage-reunion.fr\/wp-content\/uploads\/2024\/09\/expo-visages-d-ancetres-froberville-chateau-blois-204x300.webp 204w\" sizes=\"auto, (max-width: 545px) 100vw, 545px\" \/><\/figure>\n<\/div>\n<\/div>\n\n\n\n<div style=\"height:12px\" aria-hidden=\"true\" class=\"wp-block-spacer\"><\/div>\n\n\n\n<p>Son lanbisyon c\u00e9d\u2019 done la voi lo bann moun t\u00e9 moul\u00e9, po f\u00e9 rogarde azot innot fasson, an-d\u00e9or la \u00ab sianse dessi la rasse \u00bb \u00e8k bann pr\u00e9j\u00fcj\u00e9, pl\u00fcto par la k\u00fcltir, l\u00e9sp\u00e9rianse \u00e8k \u00e7ak shakinn i rakonte. Bann rosh\u00e8rsh istorik la-p\u00e8rm\u00e8te kon\u00e8te ki\u00e7a i l\u00e9 lo bann o-d\u2019kor \u00e9pila rotrouve lo shomin d\u2019vie bann demoun la fig\u00fcr t\u00e9 moul\u00e9. L\u00e9spozisyon-la c\u00e9 ossi in l\u00e9tape avan la kol\u00e9ksyon Froberville i sava Moris, pou m\u00e8te al\u00fc an-d\u00e9po dan lo m\u00fcz\u00e9 int\u00e8rkontinantal l\u00e9sklavaj Porlwi.<\/p>\n","protected":false},"excerpt":{"rendered":"<p>Depi 1940, lo Ch\u00e2teau royal de Blois i ramasse dann son bann r\u00e9z\u00e8rv in lansanm 53 o-d\u2019kor moul\u00e9 apartir in bann zansien zafrikin kapay\u00e9. Lav\u00e9 m\u00e8te la pl\u00fcpar rantr\u2019 zot dann l\u00e9sklavaj Lil Moris. Kol\u00e9ksyon-la la-niabou \u00e8te rogroup\u00e9 dann lil-la lan\u00e9 1846 par Eug\u00e8ne de Froberville po son \u00ab&nbsp;lank\u00e8te \u00e9tnolojik \u00bb dessi L\u00e9st Lafrik. L\u00e9spozisyon &hellip; <\/p>\n<p class=\"link-more\"><a href=\"https:\/\/www.portail-esclavage-reunion.fr\/re\/lespozisyon-figur-bann-zanset-i-artourne-lil-moris-po-lo-koleksyon-froberville-21-sektanm-apartir-jiska-1er-dessanm-2024-dann-chateau-de-blois\/\" class=\"more-link\">Continue reading<span class=\"screen-reader-text\"> &#8220;L\u00e9spozisyon \u00ab Fig\u00fcr bann zans\u00e8t. I artourne Lil Moris po lo kol\u00e9ksyon Froberville \u00bb <br \/>21 s\u00e9ktanm apartir jiska 1er d\u00e9ssanm 2024 dann Ch\u00e2teau de Blois&#8221;<\/span><\/a><\/p>\n","protected":false},"author":5,"featured_media":13851,"comment_status":"closed","ping_status":"closed","sticky":false,"template":"","format":"standard","meta":{"_acf_changed":false,"footnotes":""},"categories":[1],"tags":[],"class_list":["post-13869","post","type-post","status-publish","format-standard","has-post-thumbnail","hentry","category-non-classifiee"],"acf":[],"_links":{"self":[{"href":"https:\/\/www.portail-esclavage-reunion.fr\/re\/wp-json\/wp\/v2\/posts\/13869","targetHints":{"allow":["GET"]}}],"collection":[{"href":"https:\/\/www.portail-esclavage-reunion.fr\/re\/wp-json\/wp\/v2\/posts"}],"about":[{"href":"https:\/\/www.portail-esclavage-reunion.fr\/re\/wp-json\/wp\/v2\/types\/post"}],"author":[{"embeddable":true,"href":"https:\/\/www.portail-esclavage-reunion.fr\/re\/wp-json\/wp\/v2\/users\/5"}],"replies":[{"embeddable":true,"href":"https:\/\/www.portail-esclavage-reunion.fr\/re\/wp-json\/wp\/v2\/comments?post=13869"}],"version-history":[{"count":0,"href":"https:\/\/www.portail-esclavage-reunion.fr\/re\/wp-json\/wp\/v2\/posts\/13869\/revisions"}],"wp:featuredmedia":[{"embeddable":true,"href":"https:\/\/www.portail-esclavage-reunion.fr\/re\/wp-json\/wp\/v2\/media\/13851"}],"wp:attachment":[{"href":"https:\/\/www.portail-esclavage-reunion.fr\/re\/wp-json\/wp\/v2\/media?parent=13869"}],"wp:term":[{"taxonomy":"category","embeddable":true,"href":"https:\/\/www.portail-esclavage-reunion.fr\/re\/wp-json\/wp\/v2\/categories?post=13869"},{"taxonomy":"post_tag","embeddable":true,"href":"https:\/\/www.portail-esclavage-reunion.fr\/re\/wp-json\/wp\/v2\/tags?post=13869"}],"curies":[{"name":"wp","href":"https:\/\/api.w.org\/{rel}","templated":true}]}}