{"id":16571,"date":"2026-04-28T10:22:43","date_gmt":"2026-04-28T06:22:43","guid":{"rendered":"https:\/\/www.portail-esclavage-reunion.fr\/?p=16571"},"modified":"2026-04-28T10:22:43","modified_gmt":"2026-04-28T06:22:43","slug":"in-lomaj-po-la-professer-jacqueline-ravelomanana","status":"publish","type":"post","link":"https:\/\/www.portail-esclavage-reunion.fr\/re\/in-lomaj-po-la-professer-jacqueline-ravelomanana\/","title":{"rendered":"In lomaj po la prof\u00e9ss\u00ebr, Jacqueline Ravelomanana"},"content":{"rendered":"\n<p>La kom\u00fcnot\u00e9 l\u00fcniv\u00e8rsit\u00e9 malgash l\u00e9 an-d\u00eby par rapor lo d\u00e9ss\u00e9 la prof\u00e9ss\u00ebr listoir Jacqueline Ravelomanana-Randrianjafinimanana, sh\u00e8rsh\u00ebz \u00e9pila amontr\u00ebz r\u00e9p\u00fct\u00e9.<\/p>\n\n\n\n<p>Transm\u00e8te lo savoir l\u00e9t\u00e9 son passion, \u00e8l la done toute son vie po lans\u00e8gnman \u00e8k la rosh\u00e8rsh, \u00e8l la- forme in bonp\u00e9 d\u2019j\u00e9n\u00e9rasyon z\u00e9t\u00fcdian. \u00c9sp\u00e9ssialist\u2019 po la k\u00e9styon lo janre, son bann rosh\u00e8rsh t\u00e9 inportan po mi\u00eb konprande listoir l\u00e9d\u00fckasyon \u00e9pila la kondisyon bann j\u00e9ne-fiy Madagaskar, s\u00fcrtou dann z\u00e9pok kolonial \u00e8k pr\u00e9-kolonial.<\/p>\n\n\n\n<p>Anpl\u00fcs son l\u00e9gzijanse int\u00e9l\u00e8kt\u00fc\u00e8l, toute \u00e7at lav\u00e9 kon\u00e8te a\u00e8l, i rap\u00e8le bien madame-la, t\u00e9 i porte atansyion demoun, j\u00e9n\u00e9r\u00e8z \u00e9pila angaj\u00e9 poudbon dan la vie l\u00fcniv\u00e8rsit\u00e9. Anpl\u00fcs ke\u00e7a son sansibilit\u00e9 artistik ansanm la pint\u00fcr, la-done in vizion p\u00e8rson\u00e8l par rapor la k\u00fcltir malgash.<\/p>\n\n\n\n<p>Prof\u00e9ss\u00ebr Jacqueline Ravelomanana-Randrianjafinimanana, va l\u00e8sse la souvnanse in lamontr\u00ebz d\u00e9vou\u00e9 \u00e9pila inn sh\u00e8rsh\u00ebz \u00e8k in degr\u00e9 langajman va ash\u00e8ve \u00e8te in mod\u00e8l po demoun lakad\u00e9mi malgash.<\/p>\n\n\n\n<p>Lan\u00e9 2025, t\u00e9 in lon\u00ebr po lo m\u00fcz\u00e9 istorik de Vill\u00e8lle domande a\u00e8l po partissipe ansanm toute son bann t\u00e8ks siantifik dessi son site int\u00e8rn\u00e9t, par rapor listoir l\u00e9sklavaj dann Loss\u00e9an Indien.<br>Son lartik, t\u00e9 i ap\u00e8le <em>L\u00e9sklavaj dann Madagaskar<\/em>. <em>Lo bann z\u00e9sklav lo roi nou t\u00e9 fine oublyi\u00e9<\/em>, l\u00e9t\u00e9 p\u00fcbliy\u00e9 dessi lo site int\u00e8rn\u00e8t lo m\u00fcz\u00e9 po la kom\u00e9morasyon labolisyon l\u00e9sklavaj La R\u00e9nyon, lo 20 d\u00e9ssanm.<\/p>\n\n\n\n<div style=\"height:18px\" aria-hidden=\"true\" class=\"wp-block-spacer\"><\/div>\n\n\n\n<div class=\"wp-block-buttons is-layout-flex wp-block-buttons-is-layout-flex\">\n<div class=\"wp-block-button\"><a class=\"wp-block-button__link wp-element-button\" href=\"https:\/\/www.portail-esclavage-reunion.fr\/documentaires\/l-esclavage\/lesclavage-dans-locean-indien\/lesclavage-a-madagascar-ces-esclaves-royaux-que-nous-avons-oublies\/\" target=\"_blank\" rel=\"noreferrer noopener\">Lire lo lartik<\/a><\/div>\n<\/div>\n","protected":false},"excerpt":{"rendered":"<p>La kom\u00fcnot\u00e9 l\u00fcniv\u00e8rsit\u00e9 malgash l\u00e9 an-d\u00eby par rapor lo d\u00e9ss\u00e9 la prof\u00e9ss\u00ebr listoir Jacqueline Ravelomanana-Randrianjafinimanana, sh\u00e8rsh\u00ebz \u00e9pila amontr\u00ebz r\u00e9p\u00fct\u00e9. Transm\u00e8te lo savoir l\u00e9t\u00e9 son passion, \u00e8l la done toute son vie po lans\u00e8gnman \u00e8k la rosh\u00e8rsh, \u00e8l la- forme in bonp\u00e9 d\u2019j\u00e9n\u00e9rasyon z\u00e9t\u00fcdian. \u00c9sp\u00e9ssialist\u2019 po la k\u00e9styon lo janre, son bann rosh\u00e8rsh t\u00e9 inportan po &hellip; <\/p>\n<p class=\"link-more\"><a href=\"https:\/\/www.portail-esclavage-reunion.fr\/re\/in-lomaj-po-la-professer-jacqueline-ravelomanana\/\" class=\"more-link\">Continue reading<span class=\"screen-reader-text\"> &#8220;In lomaj po la prof\u00e9ss\u00ebr, Jacqueline Ravelomanana&#8221;<\/span><\/a><\/p>\n","protected":false},"author":5,"featured_media":16275,"comment_status":"closed","ping_status":"closed","sticky":false,"template":"","format":"standard","meta":{"_acf_changed":false,"footnotes":""},"categories":[1],"tags":[],"class_list":["post-16571","post","type-post","status-publish","format-standard","has-post-thumbnail","hentry","category-non-classifiee"],"acf":[],"_links":{"self":[{"href":"https:\/\/www.portail-esclavage-reunion.fr\/re\/wp-json\/wp\/v2\/posts\/16571","targetHints":{"allow":["GET"]}}],"collection":[{"href":"https:\/\/www.portail-esclavage-reunion.fr\/re\/wp-json\/wp\/v2\/posts"}],"about":[{"href":"https:\/\/www.portail-esclavage-reunion.fr\/re\/wp-json\/wp\/v2\/types\/post"}],"author":[{"embeddable":true,"href":"https:\/\/www.portail-esclavage-reunion.fr\/re\/wp-json\/wp\/v2\/users\/5"}],"replies":[{"embeddable":true,"href":"https:\/\/www.portail-esclavage-reunion.fr\/re\/wp-json\/wp\/v2\/comments?post=16571"}],"version-history":[{"count":1,"href":"https:\/\/www.portail-esclavage-reunion.fr\/re\/wp-json\/wp\/v2\/posts\/16571\/revisions"}],"predecessor-version":[{"id":16572,"href":"https:\/\/www.portail-esclavage-reunion.fr\/re\/wp-json\/wp\/v2\/posts\/16571\/revisions\/16572"}],"wp:featuredmedia":[{"embeddable":true,"href":"https:\/\/www.portail-esclavage-reunion.fr\/re\/wp-json\/wp\/v2\/media\/16275"}],"wp:attachment":[{"href":"https:\/\/www.portail-esclavage-reunion.fr\/re\/wp-json\/wp\/v2\/media?parent=16571"}],"wp:term":[{"taxonomy":"category","embeddable":true,"href":"https:\/\/www.portail-esclavage-reunion.fr\/re\/wp-json\/wp\/v2\/categories?post=16571"},{"taxonomy":"post_tag","embeddable":true,"href":"https:\/\/www.portail-esclavage-reunion.fr\/re\/wp-json\/wp\/v2\/tags?post=16571"}],"curies":[{"name":"wp","href":"https:\/\/api.w.org\/{rel}","templated":true}]}}